{"id":276,"date":"2012-09-07T09:47:27","date_gmt":"2012-09-07T09:47:27","guid":{"rendered":"http:\/\/knet.wordpress.codefusion.pl\/?p=276"},"modified":"2012-09-07T09:47:27","modified_gmt":"2012-09-07T09:47:27","slug":"speaking_at_mts_201","status":"publish","type":"post","link":"http:\/\/www.iprogrammable.com\/pl\/2012\/09\/07\/speaking_at_mts_201\/","title":{"rendered":"I will be speaking at MTS 2012"},"content":{"rendered":"<p><img decoding=\"async\" loading=\"lazy\" src=\"http:\/\/knet.wordpress.codefusion.pl\/files\/2012\/09\/180x200_MTS2012_bede_Prelegentem.jpg\" alt=\"MTS 2012 b\u0119d\u0119 prelegentem\" title=\"180x200_MTS2012_bede_Prelegentem\" width=\"180\" height=\"200\" class=\"alignleft size-full wp-image-277\" \/> 29 i 30 pa\u017adziernika w Warszawskim Centrum Expo po raz \u00f3smy odb\u0119dzie <a href=\"http:\/\/www.mtskonferencja.pl\/\">MTS<\/a> &#8211; si\u0119 najwi\u0119ksza konferencja techniczna firmy Microsoft w Polsce. Microsoft Technlogy Summit to okazja do spotkania kilku tysi\u0119cy uczestnik\u00f3w zainteresowanych nowinkami z podw\u00f3rka Microsoftu &#8211; tak z dziedziny programowania jak i szeroko poj\u0119tego IT czy biznesu.<br \/>\nMi\u0142o jest mi poinformowa\u0107, \u017ce zosta\u0142em zaproszony przez firm\u0119 Microsoft do poprowadzenia sesji na temat ci\u0105g\u0142ej integracji. Spotkajmy si\u0119 we wtorek 30 pa\u017adziernika o 13:30! Do zonbaczenia!<\/p>","protected":false},"excerpt":{"rendered":"<p>29 i 30 pa\u017adziernika w Warszawskim Centrum Expo po raz \u00f3smy odb\u0119dzie MTS &#8211; si\u0119 najwi\u0119ksza konferencja techniczna firmy Microsoft w Polsce. Microsoft Technlogy Summit to okazja do spotkania kilku tysi\u0119cy uczestnik\u00f3w zainteresowanych nowinkami z podw\u00f3rka Microsoftu &#8211; tak z dziedziny programowania jak i szeroko poj\u0119tego IT czy biznesu. Mi\u0142o jest mi poinformowa\u0107, \u017ce zosta\u0142em zaproszony przez firm\u0119 Microsoft do poprowadzenia sesji na temat ci\u0105g\u0142ej integracji. Spotkajmy si\u0119 we wtorek 30 pa\u017adziernika o 13:30! Do zonbaczenia!<\/p>\n","protected":false},"author":1,"featured_media":0,"comment_status":"open","ping_status":"open","sticky":false,"template":"","format":"standard","meta":[],"categories":[5,15],"tags":[],"_links":{"self":[{"href":"http:\/\/www.iprogrammable.com\/pl\/wp-json\/wp\/v2\/posts\/276"}],"collection":[{"href":"http:\/\/www.iprogrammable.com\/pl\/wp-json\/wp\/v2\/posts"}],"about":[{"href":"http:\/\/www.iprogrammable.com\/pl\/wp-json\/wp\/v2\/types\/post"}],"author":[{"embeddable":true,"href":"http:\/\/www.iprogrammable.com\/pl\/wp-json\/wp\/v2\/users\/1"}],"replies":[{"embeddable":true,"href":"http:\/\/www.iprogrammable.com\/pl\/wp-json\/wp\/v2\/comments?post=276"}],"version-history":[{"count":0,"href":"http:\/\/www.iprogrammable.com\/pl\/wp-json\/wp\/v2\/posts\/276\/revisions"}],"wp:attachment":[{"href":"http:\/\/www.iprogrammable.com\/pl\/wp-json\/wp\/v2\/media?parent=276"}],"wp:term":[{"taxonomy":"category","embeddable":true,"href":"http:\/\/www.iprogrammable.com\/pl\/wp-json\/wp\/v2\/categories?post=276"},{"taxonomy":"post_tag","embeddable":true,"href":"http:\/\/www.iprogrammable.com\/pl\/wp-json\/wp\/v2\/tags?post=276"}],"curies":[{"name":"wp","href":"https:\/\/api.w.org\/{rel}","templated":true}]}}